{"id":1376,"date":"2023-09-14T10:30:00","date_gmt":"2023-09-14T08:30:00","guid":{"rendered":"https:\/\/www.mc-haus.com\/magazin\/?p=1376"},"modified":"2023-08-29T10:07:44","modified_gmt":"2023-08-29T08:07:44","slug":"vuelta_a_la_oficina_creando_un_espacio_de_trabajo_comodo_y_productivo_con_el_mobiliario_adecuado","status":"publish","type":"post","link":"https:\/\/www.mc-haus.com\/magazin\/vuelta_a_la_oficina_creando_un_espacio_de_trabajo_comodo_y_productivo_con_el_mobiliario_adecuado\/","title":{"rendered":"Vuelta a la Oficina: Creando un Espacio de Trabajo C\u00f3modo y Productivo con el Mobiliario Adecuado"},"content":{"rendered":"\n<p>Sabemos que dejar atr\u00e1s las vacaciones y empezar a pensar en la vuelta a la oficina puede llegar a ser duro. Es un momento de retorno a la rutina y para que la vuelta sea m\u00e1s llevadera es importante crear un espacio de trabajo c\u00f3modo y productivo con el mobiliario adecuado y el entorno perfecto. Es por eso que en MC Haus queremos darte unos consejos para que te prepares tu oficina de la mejor manera posible, y puedas construir un ambiente donde se respire tranquilidad, creatividad y concentraci\u00f3n.&nbsp;<\/p>\n\n\n\n<h2 class=\"wp-block-heading\"><strong>Cuida el entorno<\/strong><\/h2>\n\n\n\n<p>Debemos entender que crear un buen entorno de trabajo es fundamental, ya que tiene un impacto significativo en nuestra salud, comodidad y productividad. Pasamos muchas horas en una habitaci\u00f3n donde realizamos un trabajo mental importante, por lo que tener un sitio donde nos sintamos a gusto y en calma, har\u00e1 que la comodidad aumente y en consecuencia nuestra productividad y eficiencia.&nbsp;<\/p>\n\n\n\n<h2 class=\"wp-block-heading\"><strong>Mant\u00e9n la organizaci\u00f3n a raya<\/strong><\/h2>\n\n\n\n<p>Para que tu espacio sea lo m\u00e1s relajado posible, hay que darle mucha importancia a la organizaci\u00f3n y al orden. Utilizar estantes, organizadores y accesorios de almacenaje que vayan en sinton\u00eda con tu estilo, es clave para mantener tu escritorio limpio, ordenado y libre de distracciones. En este punto, hacerse con un aparador o una estanter\u00eda con puertas que lo mantenga todo oculto, puede ser la clave para crear una buena sensaci\u00f3n de orden en tu \u00e1rea de trabajo.&nbsp;<\/p>\n\n\n\n<figure class=\"wp-block-image size-large\"><a href=\"https:\/\/www.mc-haus.com\/es\/estanteria-madera-kuma-blanco\/\"><img loading=\"lazy\" decoding=\"async\" width=\"1024\" height=\"1024\" src=\"https:\/\/www.mc-haus.com\/magazin\/wp-content\/uploads\/2023\/08\/KUMA-BLANCO_02-1024x1024.jpg\" alt=\"Estanter\u00eda Kuma MC Haus\" class=\"wp-image-1377\" srcset=\"https:\/\/www.mc-haus.com\/magazin\/wp-content\/uploads\/2023\/08\/KUMA-BLANCO_02-1024x1024.jpg 1024w, https:\/\/www.mc-haus.com\/magazin\/wp-content\/uploads\/2023\/08\/KUMA-BLANCO_02-300x300.jpg 300w, https:\/\/www.mc-haus.com\/magazin\/wp-content\/uploads\/2023\/08\/KUMA-BLANCO_02-150x150.jpg 150w, https:\/\/www.mc-haus.com\/magazin\/wp-content\/uploads\/2023\/08\/KUMA-BLANCO_02-768x768.jpg 768w, https:\/\/www.mc-haus.com\/magazin\/wp-content\/uploads\/2023\/08\/KUMA-BLANCO_02-550x550.jpg 550w, https:\/\/www.mc-haus.com\/magazin\/wp-content\/uploads\/2023\/08\/KUMA-BLANCO_02.jpg 1200w\" sizes=\"auto, (max-width: 1024px) 100vw, 1024px\" \/><\/a><\/figure>\n\n\n\n<h2 class=\"wp-block-heading\"><strong>Hazte con el escritorio adecuado<\/strong><\/h2>\n\n\n\n<p>Otro punto clave para construir una oficina funcional es el lugar donde apoyamos todo nuestro material de trabajo, el escritorio. Para que resulte c\u00f3modo y confortable, el escritorio deber\u00e1 contar con un tama\u00f1o suficiente para todo tu equipamiento y con una altura que te permita mantener una postura neutral mientras trabajas. Y no te preocupes si no dispones de un espacio dedicado \u00fanicamente a tu jornada laboral, puedes hacerte con esas <a href=\"https:\/\/www.mc-haus.com\/es\/muebles\/escritorios\/\">mesas auxiliares<\/a> y vers\u00e1tiles que te permiten tener, a la vez, una superficie de trabajo en cualquier habitaci\u00f3n y un rinc\u00f3n decorativo.&nbsp;<\/p>\n\n\n\n<h2 class=\"wp-block-heading\">Elige comodidad<\/h2>\n\n\n\n<p>La comodidad durante nuestra jornada laboral es probablemente lo m\u00e1s importante, pasamos largas horas sentados frente a nuestro ordenador, por lo que hacerse con una silla de oficina c\u00f3moda y ergon\u00f3mica es una inversi\u00f3n esencial que te permite mantener un nivel de energ\u00eda constante a lo largo del d\u00eda, ya que se reduce la fatiga y el malestar f\u00edsico y puedes centrarte en tus tareas en lugar de distraerte con dolores y molestias. En MC Haus disponemos de una gran variedad de <a href=\"https:\/\/www.mc-haus.com\/es\/muebles\/sillas-oficina\/\">sillas de oficina ergon\u00f3micas<\/a>, \u00a1te animamos a que les eches un vistazo!&nbsp;<\/p>\n\n\n\n<figure class=\"wp-block-image size-full\"><img loading=\"lazy\" decoding=\"async\" width=\"900\" height=\"900\" src=\"https:\/\/www.mc-haus.com\/magazin\/wp-content\/uploads\/2023\/08\/kala_adonis_amb_02_1.jpg\" alt=\"Silla ergon\u00f3mica\" class=\"wp-image-1378\" srcset=\"https:\/\/www.mc-haus.com\/magazin\/wp-content\/uploads\/2023\/08\/kala_adonis_amb_02_1.jpg 900w, https:\/\/www.mc-haus.com\/magazin\/wp-content\/uploads\/2023\/08\/kala_adonis_amb_02_1-300x300.jpg 300w, https:\/\/www.mc-haus.com\/magazin\/wp-content\/uploads\/2023\/08\/kala_adonis_amb_02_1-150x150.jpg 150w, https:\/\/www.mc-haus.com\/magazin\/wp-content\/uploads\/2023\/08\/kala_adonis_amb_02_1-768x768.jpg 768w, https:\/\/www.mc-haus.com\/magazin\/wp-content\/uploads\/2023\/08\/kala_adonis_amb_02_1-550x550.jpg 550w\" sizes=\"auto, (max-width: 900px) 100vw, 900px\" \/><\/figure>\n\n\n\n<h2 class=\"wp-block-heading\"><strong><strong>La iluminaci\u00f3n tambi\u00e9n importa<\/strong><\/strong><\/h2>\n\n\n\n<p>Cuando hablamos de crear un espacio de trabajo c\u00f3modo y productivo, tambi\u00e9n tenemos que tener en cuenta la iluminaci\u00f3n que tenemos en la habitaci\u00f3n, as\u00ed como la que nos alumbra la zona de trabajo. Ubicar el lugar que vamos a destinar para trabajar cerca de ventanas, har\u00e1 que disfrutes de iluminaci\u00f3n natural durante muchas horas. En el caso de que no dispongas de una zona muy bien iluminada, tendr\u00e1s que hacerte con una buena l\u00e1mpara de mesa, en ese caso, evita reflejos en la pantalla y procura que la luz sea lo m\u00e1s tenue posible.<\/p>\n\n\n\n<h2 class=\"wp-block-heading\"><strong>Decoraci\u00f3n y accesorios<\/strong><\/h2>\n\n\n\n<p>Pasamos muchas horas frente al ordenador, y por eso tenemos que sentirnos c\u00f3modos con todo lo que nos rodea, incluso la superficie de trabajo. Adaptar el sitio a tu estilo har\u00e1 que te sientas m\u00e1s confortable y tu relaci\u00f3n con las horas de trabajo ser\u00e1 m\u00e1s agradable. Hay muchas opciones, pero a\u00f1adir plantas, alg\u00fan cuadro o una figura decorativa que te inspire en un rinc\u00f3n de tu escritorio, acostumbran a ser las m\u00e1s personales, f\u00e1ciles y econ\u00f3micas de hacer.\u00a0<\/p>\n\n\n\n<figure class=\"wp-block-image size-full\"><img loading=\"lazy\" decoding=\"async\" width=\"1000\" height=\"625\" src=\"https:\/\/www.mc-haus.com\/magazin\/wp-content\/uploads\/2023\/08\/estilos-de-decoracion-MidCentury-edited.jpg\" alt=\"Espacio de trabajo c\u00f3modo con decoraci\u00f3n y accesorios\" class=\"wp-image-1379\" srcset=\"https:\/\/www.mc-haus.com\/magazin\/wp-content\/uploads\/2023\/08\/estilos-de-decoracion-MidCentury-edited.jpg 1000w, https:\/\/www.mc-haus.com\/magazin\/wp-content\/uploads\/2023\/08\/estilos-de-decoracion-MidCentury-edited-300x188.jpg 300w, https:\/\/www.mc-haus.com\/magazin\/wp-content\/uploads\/2023\/08\/estilos-de-decoracion-MidCentury-edited-768x480.jpg 768w, https:\/\/www.mc-haus.com\/magazin\/wp-content\/uploads\/2023\/08\/estilos-de-decoracion-MidCentury-edited-550x344.jpg 550w\" sizes=\"auto, (max-width: 1000px) 100vw, 1000px\" \/><\/figure>\n\n\n\n<p>En definitiva, la vuelta a la rutina puede ser una oportunidad para que le des un cambio radical a tu espacio de trabajo y puedas establecer tu rinc\u00f3n especial donde poder hacer volar tu imaginaci\u00f3n y ser mucho m\u00e1s productiva. Darle la importancia que se merece al entorno y al mobiliario adecuado, as\u00ed como a la iluminaci\u00f3n y a la decoraci\u00f3n, es indispensable para poder llegar a tener el espacio de trabajo que siempre has so\u00f1ado. Ya sabes, \u00a1prep\u00e1rate para la vuelta a la rutina con MC Haus!<\/p>\n","protected":false},"excerpt":{"rendered":"<p>La vuelta a la rutina puede ser una oportunidad para darle un cambio a tu espacio de trabajo y que sea m\u00e1s c\u00f3modo con un entorno m\u00e1s productivo.<\/p>\n","protected":false},"author":1,"featured_media":1381,"comment_status":"open","ping_status":"open","sticky":false,"template":"","format":"standard","meta":{"footnotes":""},"categories":[64],"tags":[9,8,10],"class_list":["post-1376","post","type-post","status-publish","format-standard","has-post-thumbnail","hentry","category-crea-tu-hogar","tag-decoracion","tag-hogar","tag-muebles"],"acf":[],"yoast_head":"<!-- This site is optimized with the Yoast SEO plugin v24.5 - https:\/\/yoast.com\/wordpress\/plugins\/seo\/ -->\n<title>Crear un espacio de trabajo c\u00f3modo y productivo | MC Haus<\/title>\n<meta name=\"description\" content=\"Aprovecha la vuelta a la rutina para crear un espacio de trabajo c\u00f3modo y productivo con el mobiliario adecuado.\" \/>\n<meta name=\"robots\" content=\"index, follow, max-snippet:-1, max-image-preview:large, max-video-preview:-1\" \/>\n<link rel=\"canonical\" href=\"https:\/\/www.mc-haus.com\/magazin\/vuelta_a_la_oficina_creando_un_espacio_de_trabajo_comodo_y_productivo_con_el_mobiliario_adecuado\/\" \/>\n<meta property=\"og:locale\" content=\"es_ES\" \/>\n<meta property=\"og:type\" content=\"article\" \/>\n<meta property=\"og:title\" content=\"Crear un espacio de trabajo c\u00f3modo y productivo | MC Haus\" \/>\n<meta property=\"og:description\" content=\"Aprovecha la vuelta a la rutina para crear un espacio de trabajo c\u00f3modo y productivo con el mobiliario adecuado.\" \/>\n<meta property=\"og:url\" content=\"https:\/\/www.mc-haus.com\/magazin\/vuelta_a_la_oficina_creando_un_espacio_de_trabajo_comodo_y_productivo_con_el_mobiliario_adecuado\/\" \/>\n<meta property=\"og:site_name\" content=\"Mc Haus\" \/>\n<meta property=\"article:publisher\" content=\"https:\/\/www.facebook.com\/mchausfurniture\/\" \/>\n<meta property=\"article:published_time\" content=\"2023-09-14T08:30:00+00:00\" \/>\n<meta property=\"og:image\" content=\"https:\/\/www.mc-haus.com\/magazin\/wp-content\/uploads\/2023\/08\/collov-home-design-UUsQk_9bdR8-unsplash-scaled.jpg\" \/>\n\t<meta property=\"og:image:width\" content=\"2560\" \/>\n\t<meta property=\"og:image:height\" content=\"1920\" \/>\n\t<meta property=\"og:image:type\" content=\"image\/jpeg\" \/>\n<meta name=\"author\" content=\"Informatica\" \/>\n<meta name=\"twitter:card\" content=\"summary_large_image\" \/>\n<script type=\"application\/ld+json\" class=\"yoast-schema-graph\">{\"@context\":\"https:\/\/schema.org\",\"@graph\":[{\"@type\":\"Article\",\"@id\":\"https:\/\/www.mc-haus.com\/magazin\/vuelta_a_la_oficina_creando_un_espacio_de_trabajo_comodo_y_productivo_con_el_mobiliario_adecuado\/#article\",\"isPartOf\":{\"@id\":\"https:\/\/www.mc-haus.com\/magazin\/vuelta_a_la_oficina_creando_un_espacio_de_trabajo_comodo_y_productivo_con_el_mobiliario_adecuado\/\"},\"author\":{\"name\":\"Informatica\",\"@id\":\"https:\/\/www.mc-haus.com\/magazin\/#\/schema\/person\/76a492de64ea95f1b7f6e3caa5985bea\"},\"headline\":\"Vuelta a la Oficina: Creando un Espacio de Trabajo C\u00f3modo y Productivo con el Mobiliario Adecuado\",\"datePublished\":\"2023-09-14T08:30:00+00:00\",\"mainEntityOfPage\":{\"@id\":\"https:\/\/www.mc-haus.com\/magazin\/vuelta_a_la_oficina_creando_un_espacio_de_trabajo_comodo_y_productivo_con_el_mobiliario_adecuado\/\"},\"wordCount\":775,\"commentCount\":0,\"publisher\":{\"@id\":\"https:\/\/www.mc-haus.com\/magazin\/#organization\"},\"image\":{\"@id\":\"https:\/\/www.mc-haus.com\/magazin\/vuelta_a_la_oficina_creando_un_espacio_de_trabajo_comodo_y_productivo_con_el_mobiliario_adecuado\/#primaryimage\"},\"thumbnailUrl\":\"https:\/\/www.mc-haus.com\/magazin\/wp-content\/uploads\/2023\/08\/collov-home-design-UUsQk_9bdR8-unsplash-scaled.jpg\",\"keywords\":[\"Decoraci\u00f3n\",\"Hogar\",\"Muebles\"],\"articleSection\":[\"Crea tu hogar\"],\"inLanguage\":\"es\",\"potentialAction\":[{\"@type\":\"CommentAction\",\"name\":\"Comment\",\"target\":[\"https:\/\/www.mc-haus.com\/magazin\/vuelta_a_la_oficina_creando_un_espacio_de_trabajo_comodo_y_productivo_con_el_mobiliario_adecuado\/#respond\"]}]},{\"@type\":\"WebPage\",\"@id\":\"https:\/\/www.mc-haus.com\/magazin\/vuelta_a_la_oficina_creando_un_espacio_de_trabajo_comodo_y_productivo_con_el_mobiliario_adecuado\/\",\"url\":\"https:\/\/www.mc-haus.com\/magazin\/vuelta_a_la_oficina_creando_un_espacio_de_trabajo_comodo_y_productivo_con_el_mobiliario_adecuado\/\",\"name\":\"Crear un espacio de trabajo c\u00f3modo y productivo | MC Haus\",\"isPartOf\":{\"@id\":\"https:\/\/www.mc-haus.com\/magazin\/#website\"},\"primaryImageOfPage\":{\"@id\":\"https:\/\/www.mc-haus.com\/magazin\/vuelta_a_la_oficina_creando_un_espacio_de_trabajo_comodo_y_productivo_con_el_mobiliario_adecuado\/#primaryimage\"},\"image\":{\"@id\":\"https:\/\/www.mc-haus.com\/magazin\/vuelta_a_la_oficina_creando_un_espacio_de_trabajo_comodo_y_productivo_con_el_mobiliario_adecuado\/#primaryimage\"},\"thumbnailUrl\":\"https:\/\/www.mc-haus.com\/magazin\/wp-content\/uploads\/2023\/08\/collov-home-design-UUsQk_9bdR8-unsplash-scaled.jpg\",\"datePublished\":\"2023-09-14T08:30:00+00:00\",\"description\":\"Aprovecha la vuelta a la rutina para crear un espacio de trabajo c\u00f3modo y productivo con el mobiliario adecuado.\",\"breadcrumb\":{\"@id\":\"https:\/\/www.mc-haus.com\/magazin\/vuelta_a_la_oficina_creando_un_espacio_de_trabajo_comodo_y_productivo_con_el_mobiliario_adecuado\/#breadcrumb\"},\"inLanguage\":\"es\",\"potentialAction\":[{\"@type\":\"ReadAction\",\"target\":[\"https:\/\/www.mc-haus.com\/magazin\/vuelta_a_la_oficina_creando_un_espacio_de_trabajo_comodo_y_productivo_con_el_mobiliario_adecuado\/\"]}]},{\"@type\":\"ImageObject\",\"inLanguage\":\"es\",\"@id\":\"https:\/\/www.mc-haus.com\/magazin\/vuelta_a_la_oficina_creando_un_espacio_de_trabajo_comodo_y_productivo_con_el_mobiliario_adecuado\/#primaryimage\",\"url\":\"https:\/\/www.mc-haus.com\/magazin\/wp-content\/uploads\/2023\/08\/collov-home-design-UUsQk_9bdR8-unsplash-scaled.jpg\",\"contentUrl\":\"https:\/\/www.mc-haus.com\/magazin\/wp-content\/uploads\/2023\/08\/collov-home-design-UUsQk_9bdR8-unsplash-scaled.jpg\",\"width\":2560,\"height\":1920,\"caption\":\"Vuelta a la oficina\"},{\"@type\":\"BreadcrumbList\",\"@id\":\"https:\/\/www.mc-haus.com\/magazin\/vuelta_a_la_oficina_creando_un_espacio_de_trabajo_comodo_y_productivo_con_el_mobiliario_adecuado\/#breadcrumb\",\"itemListElement\":[{\"@type\":\"ListItem\",\"position\":1,\"name\":\"Portada\",\"item\":\"https:\/\/www.mc-haus.com\/magazin\/\"},{\"@type\":\"ListItem\",\"position\":2,\"name\":\"Crea tu hogar\",\"item\":\"https:\/\/www.mc-haus.com\/magazin\/crea-tu-hogar\/\"},{\"@type\":\"ListItem\",\"position\":3,\"name\":\"Vuelta a la Oficina: Creando un Espacio de Trabajo C\u00f3modo y Productivo con el Mobiliario Adecuado\"}]},{\"@type\":\"WebSite\",\"@id\":\"https:\/\/www.mc-haus.com\/magazin\/#website\",\"url\":\"https:\/\/www.mc-haus.com\/magazin\/\",\"name\":\"Mc Haus\",\"description\":\"\",\"publisher\":{\"@id\":\"https:\/\/www.mc-haus.com\/magazin\/#organization\"},\"potentialAction\":[{\"@type\":\"SearchAction\",\"target\":{\"@type\":\"EntryPoint\",\"urlTemplate\":\"https:\/\/www.mc-haus.com\/magazin\/?s={search_term_string}\"},\"query-input\":{\"@type\":\"PropertyValueSpecification\",\"valueRequired\":true,\"valueName\":\"search_term_string\"}}],\"inLanguage\":\"es\"},{\"@type\":\"Organization\",\"@id\":\"https:\/\/www.mc-haus.com\/magazin\/#organization\",\"name\":\"Mc Haus\",\"url\":\"https:\/\/www.mc-haus.com\/magazin\/\",\"logo\":{\"@type\":\"ImageObject\",\"inLanguage\":\"es\",\"@id\":\"https:\/\/www.mc-haus.com\/magazin\/#\/schema\/logo\/image\/\",\"url\":\"https:\/\/www.mc-haus.com\/magazin\/wp-content\/uploads\/2021\/07\/Diseno-sin-titulo-67.jpg\",\"contentUrl\":\"https:\/\/www.mc-haus.com\/magazin\/wp-content\/uploads\/2021\/07\/Diseno-sin-titulo-67.jpg\",\"width\":400,\"height\":400,\"caption\":\"Mc Haus\"},\"image\":{\"@id\":\"https:\/\/www.mc-haus.com\/magazin\/#\/schema\/logo\/image\/\"},\"sameAs\":[\"https:\/\/www.facebook.com\/mchausfurniture\/\",\"https:\/\/www.instagram.com\/mchaus_furniture\/\",\"https:\/\/www.youtube.com\/channel\/UCNmXWHLokG1ruHpllgn2Zmw\"]},{\"@type\":\"Person\",\"@id\":\"https:\/\/www.mc-haus.com\/magazin\/#\/schema\/person\/76a492de64ea95f1b7f6e3caa5985bea\",\"name\":\"Informatica\",\"image\":{\"@type\":\"ImageObject\",\"inLanguage\":\"es\",\"@id\":\"https:\/\/www.mc-haus.com\/magazin\/#\/schema\/person\/image\/\",\"url\":\"https:\/\/secure.gravatar.com\/avatar\/89381c9a7a887562f89c88907245a505?s=96&d=mm&r=g\",\"contentUrl\":\"https:\/\/secure.gravatar.com\/avatar\/89381c9a7a887562f89c88907245a505?s=96&d=mm&r=g\",\"caption\":\"Informatica\"},\"sameAs\":[\"http:\/\/www.mc-haus.com\/blog-hogar\"]}]}<\/script>\n<!-- \/ Yoast SEO plugin. -->","yoast_head_json":{"title":"Crear un espacio de trabajo c\u00f3modo y productivo | MC Haus","description":"Aprovecha la vuelta a la rutina para crear un espacio de trabajo c\u00f3modo y productivo con el mobiliario adecuado.","robots":{"index":"index","follow":"follow","max-snippet":"max-snippet:-1","max-image-preview":"max-image-preview:large","max-video-preview":"max-video-preview:-1"},"canonical":"https:\/\/www.mc-haus.com\/magazin\/vuelta_a_la_oficina_creando_un_espacio_de_trabajo_comodo_y_productivo_con_el_mobiliario_adecuado\/","og_locale":"es_ES","og_type":"article","og_title":"Crear un espacio de trabajo c\u00f3modo y productivo | MC Haus","og_description":"Aprovecha la vuelta a la rutina para crear un espacio de trabajo c\u00f3modo y productivo con el mobiliario adecuado.","og_url":"https:\/\/www.mc-haus.com\/magazin\/vuelta_a_la_oficina_creando_un_espacio_de_trabajo_comodo_y_productivo_con_el_mobiliario_adecuado\/","og_site_name":"Mc Haus","article_publisher":"https:\/\/www.facebook.com\/mchausfurniture\/","article_published_time":"2023-09-14T08:30:00+00:00","og_image":[{"width":2560,"height":1920,"url":"https:\/\/www.mc-haus.com\/magazin\/wp-content\/uploads\/2023\/08\/collov-home-design-UUsQk_9bdR8-unsplash-scaled.jpg","type":"image\/jpeg"}],"author":"Informatica","twitter_card":"summary_large_image","schema":{"@context":"https:\/\/schema.org","@graph":[{"@type":"Article","@id":"https:\/\/www.mc-haus.com\/magazin\/vuelta_a_la_oficina_creando_un_espacio_de_trabajo_comodo_y_productivo_con_el_mobiliario_adecuado\/#article","isPartOf":{"@id":"https:\/\/www.mc-haus.com\/magazin\/vuelta_a_la_oficina_creando_un_espacio_de_trabajo_comodo_y_productivo_con_el_mobiliario_adecuado\/"},"author":{"name":"Informatica","@id":"https:\/\/www.mc-haus.com\/magazin\/#\/schema\/person\/76a492de64ea95f1b7f6e3caa5985bea"},"headline":"Vuelta a la Oficina: Creando un Espacio de Trabajo C\u00f3modo y Productivo con el Mobiliario Adecuado","datePublished":"2023-09-14T08:30:00+00:00","mainEntityOfPage":{"@id":"https:\/\/www.mc-haus.com\/magazin\/vuelta_a_la_oficina_creando_un_espacio_de_trabajo_comodo_y_productivo_con_el_mobiliario_adecuado\/"},"wordCount":775,"commentCount":0,"publisher":{"@id":"https:\/\/www.mc-haus.com\/magazin\/#organization"},"image":{"@id":"https:\/\/www.mc-haus.com\/magazin\/vuelta_a_la_oficina_creando_un_espacio_de_trabajo_comodo_y_productivo_con_el_mobiliario_adecuado\/#primaryimage"},"thumbnailUrl":"https:\/\/www.mc-haus.com\/magazin\/wp-content\/uploads\/2023\/08\/collov-home-design-UUsQk_9bdR8-unsplash-scaled.jpg","keywords":["Decoraci\u00f3n","Hogar","Muebles"],"articleSection":["Crea tu hogar"],"inLanguage":"es","potentialAction":[{"@type":"CommentAction","name":"Comment","target":["https:\/\/www.mc-haus.com\/magazin\/vuelta_a_la_oficina_creando_un_espacio_de_trabajo_comodo_y_productivo_con_el_mobiliario_adecuado\/#respond"]}]},{"@type":"WebPage","@id":"https:\/\/www.mc-haus.com\/magazin\/vuelta_a_la_oficina_creando_un_espacio_de_trabajo_comodo_y_productivo_con_el_mobiliario_adecuado\/","url":"https:\/\/www.mc-haus.com\/magazin\/vuelta_a_la_oficina_creando_un_espacio_de_trabajo_comodo_y_productivo_con_el_mobiliario_adecuado\/","name":"Crear un espacio de trabajo c\u00f3modo y productivo | MC Haus","isPartOf":{"@id":"https:\/\/www.mc-haus.com\/magazin\/#website"},"primaryImageOfPage":{"@id":"https:\/\/www.mc-haus.com\/magazin\/vuelta_a_la_oficina_creando_un_espacio_de_trabajo_comodo_y_productivo_con_el_mobiliario_adecuado\/#primaryimage"},"image":{"@id":"https:\/\/www.mc-haus.com\/magazin\/vuelta_a_la_oficina_creando_un_espacio_de_trabajo_comodo_y_productivo_con_el_mobiliario_adecuado\/#primaryimage"},"thumbnailUrl":"https:\/\/www.mc-haus.com\/magazin\/wp-content\/uploads\/2023\/08\/collov-home-design-UUsQk_9bdR8-unsplash-scaled.jpg","datePublished":"2023-09-14T08:30:00+00:00","description":"Aprovecha la vuelta a la rutina para crear un espacio de trabajo c\u00f3modo y productivo con el mobiliario adecuado.","breadcrumb":{"@id":"https:\/\/www.mc-haus.com\/magazin\/vuelta_a_la_oficina_creando_un_espacio_de_trabajo_comodo_y_productivo_con_el_mobiliario_adecuado\/#breadcrumb"},"inLanguage":"es","potentialAction":[{"@type":"ReadAction","target":["https:\/\/www.mc-haus.com\/magazin\/vuelta_a_la_oficina_creando_un_espacio_de_trabajo_comodo_y_productivo_con_el_mobiliario_adecuado\/"]}]},{"@type":"ImageObject","inLanguage":"es","@id":"https:\/\/www.mc-haus.com\/magazin\/vuelta_a_la_oficina_creando_un_espacio_de_trabajo_comodo_y_productivo_con_el_mobiliario_adecuado\/#primaryimage","url":"https:\/\/www.mc-haus.com\/magazin\/wp-content\/uploads\/2023\/08\/collov-home-design-UUsQk_9bdR8-unsplash-scaled.jpg","contentUrl":"https:\/\/www.mc-haus.com\/magazin\/wp-content\/uploads\/2023\/08\/collov-home-design-UUsQk_9bdR8-unsplash-scaled.jpg","width":2560,"height":1920,"caption":"Vuelta a la oficina"},{"@type":"BreadcrumbList","@id":"https:\/\/www.mc-haus.com\/magazin\/vuelta_a_la_oficina_creando_un_espacio_de_trabajo_comodo_y_productivo_con_el_mobiliario_adecuado\/#breadcrumb","itemListElement":[{"@type":"ListItem","position":1,"name":"Portada","item":"https:\/\/www.mc-haus.com\/magazin\/"},{"@type":"ListItem","position":2,"name":"Crea tu hogar","item":"https:\/\/www.mc-haus.com\/magazin\/crea-tu-hogar\/"},{"@type":"ListItem","position":3,"name":"Vuelta a la Oficina: Creando un Espacio de Trabajo C\u00f3modo y Productivo con el Mobiliario Adecuado"}]},{"@type":"WebSite","@id":"https:\/\/www.mc-haus.com\/magazin\/#website","url":"https:\/\/www.mc-haus.com\/magazin\/","name":"Mc Haus","description":"","publisher":{"@id":"https:\/\/www.mc-haus.com\/magazin\/#organization"},"potentialAction":[{"@type":"SearchAction","target":{"@type":"EntryPoint","urlTemplate":"https:\/\/www.mc-haus.com\/magazin\/?s={search_term_string}"},"query-input":{"@type":"PropertyValueSpecification","valueRequired":true,"valueName":"search_term_string"}}],"inLanguage":"es"},{"@type":"Organization","@id":"https:\/\/www.mc-haus.com\/magazin\/#organization","name":"Mc Haus","url":"https:\/\/www.mc-haus.com\/magazin\/","logo":{"@type":"ImageObject","inLanguage":"es","@id":"https:\/\/www.mc-haus.com\/magazin\/#\/schema\/logo\/image\/","url":"https:\/\/www.mc-haus.com\/magazin\/wp-content\/uploads\/2021\/07\/Diseno-sin-titulo-67.jpg","contentUrl":"https:\/\/www.mc-haus.com\/magazin\/wp-content\/uploads\/2021\/07\/Diseno-sin-titulo-67.jpg","width":400,"height":400,"caption":"Mc Haus"},"image":{"@id":"https:\/\/www.mc-haus.com\/magazin\/#\/schema\/logo\/image\/"},"sameAs":["https:\/\/www.facebook.com\/mchausfurniture\/","https:\/\/www.instagram.com\/mchaus_furniture\/","https:\/\/www.youtube.com\/channel\/UCNmXWHLokG1ruHpllgn2Zmw"]},{"@type":"Person","@id":"https:\/\/www.mc-haus.com\/magazin\/#\/schema\/person\/76a492de64ea95f1b7f6e3caa5985bea","name":"Informatica","image":{"@type":"ImageObject","inLanguage":"es","@id":"https:\/\/www.mc-haus.com\/magazin\/#\/schema\/person\/image\/","url":"https:\/\/secure.gravatar.com\/avatar\/89381c9a7a887562f89c88907245a505?s=96&d=mm&r=g","contentUrl":"https:\/\/secure.gravatar.com\/avatar\/89381c9a7a887562f89c88907245a505?s=96&d=mm&r=g","caption":"Informatica"},"sameAs":["http:\/\/www.mc-haus.com\/blog-hogar"]}]}},"_links":{"self":[{"href":"https:\/\/www.mc-haus.com\/magazin\/wp-json\/wp\/v2\/posts\/1376","targetHints":{"allow":["GET"]}}],"collection":[{"href":"https:\/\/www.mc-haus.com\/magazin\/wp-json\/wp\/v2\/posts"}],"about":[{"href":"https:\/\/www.mc-haus.com\/magazin\/wp-json\/wp\/v2\/types\/post"}],"author":[{"embeddable":true,"href":"https:\/\/www.mc-haus.com\/magazin\/wp-json\/wp\/v2\/users\/1"}],"replies":[{"embeddable":true,"href":"https:\/\/www.mc-haus.com\/magazin\/wp-json\/wp\/v2\/comments?post=1376"}],"version-history":[{"count":3,"href":"https:\/\/www.mc-haus.com\/magazin\/wp-json\/wp\/v2\/posts\/1376\/revisions"}],"predecessor-version":[{"id":1383,"href":"https:\/\/www.mc-haus.com\/magazin\/wp-json\/wp\/v2\/posts\/1376\/revisions\/1383"}],"wp:featuredmedia":[{"embeddable":true,"href":"https:\/\/www.mc-haus.com\/magazin\/wp-json\/wp\/v2\/media\/1381"}],"wp:attachment":[{"href":"https:\/\/www.mc-haus.com\/magazin\/wp-json\/wp\/v2\/media?parent=1376"}],"wp:term":[{"taxonomy":"category","embeddable":true,"href":"https:\/\/www.mc-haus.com\/magazin\/wp-json\/wp\/v2\/categories?post=1376"},{"taxonomy":"post_tag","embeddable":true,"href":"https:\/\/www.mc-haus.com\/magazin\/wp-json\/wp\/v2\/tags?post=1376"}],"curies":[{"name":"wp","href":"https:\/\/api.w.org\/{rel}","templated":true}]}}