{"id":1469,"date":"2023-11-25T13:20:05","date_gmt":"2023-11-25T11:20:05","guid":{"rendered":"https:\/\/www.mc-haus.com\/magazin\/?p=1469"},"modified":"2023-11-25T13:20:06","modified_gmt":"2023-11-25T11:20:06","slug":"dia-personas-sin-hogar","status":"publish","type":"post","link":"https:\/\/www.mc-haus.com\/magazin\/dia-personas-sin-hogar\/","title":{"rendered":"D\u00eda de las Personas sin Hogar: Reflexiones y Acciones para un Cambio Social"},"content":{"rendered":"\n<p>Hoy hablamos de un tema profundo y significativo: el D\u00eda de las Personas sin Hogar. Un d\u00eda destinado a reflexionar sobre la importancia del hogar y a inspirarnos a ser agentes de cambio social.&nbsp;En MC Haus, no solo nos dedicamos a dise\u00f1ar muebles, sino que tambi\u00e9n ayudamos a construir un mundo donde todos tengamos derecho a un hogar. Vamos a explorar juntos c\u00f3mo podemos hacer la diferencia.<\/p>\n\n\n\n<h2 class=\"wp-block-heading\"><strong>Hogar, m\u00e1s que cuatro paredes<\/strong><\/h2>\n\n\n\n<p>En este d\u00eda, reflexionamos sobre lo afortunados que somos de tener un hogar y c\u00f3mo podemos ayudar a sentir un hogar a aquellas personas en situaciones vulnerables. Nos adentramos en una \u00e9poca del a\u00f1o donde todo el mundo deber\u00eda sentirse arropado y c\u00e1lido. Y es que un hogar no es solo un lugar f\u00edsico, sino un espacio donde nos sentimos seguros, amados y aceptados, por lo que es muy importante ahora m\u00e1s que nunca, ayudar a esas personas a sentirse queridas y valoradas.&nbsp;<\/p>\n\n\n\n<figure class=\"wp-block-image size-large\"><a href=\"https:\/\/www.mc-haus.com\/es\/osha-gris-sillon-osha-gris\/\"><img loading=\"lazy\" decoding=\"async\" width=\"2000\" height=\"1126\" src=\"https:\/\/www.mc-haus.com\/magazin\/wp-content\/uploads\/2023\/11\/Macro_Beself_amb_02-edited.jpg\" alt=\"\" class=\"wp-image-1479\" srcset=\"https:\/\/www.mc-haus.com\/magazin\/wp-content\/uploads\/2023\/11\/Macro_Beself_amb_02-edited.jpg 2000w, https:\/\/www.mc-haus.com\/magazin\/wp-content\/uploads\/2023\/11\/Macro_Beself_amb_02-edited-300x169.jpg 300w, https:\/\/www.mc-haus.com\/magazin\/wp-content\/uploads\/2023\/11\/Macro_Beself_amb_02-edited-1024x577.jpg 1024w, https:\/\/www.mc-haus.com\/magazin\/wp-content\/uploads\/2023\/11\/Macro_Beself_amb_02-edited-768x432.jpg 768w, https:\/\/www.mc-haus.com\/magazin\/wp-content\/uploads\/2023\/11\/Macro_Beself_amb_02-edited-1536x865.jpg 1536w, https:\/\/www.mc-haus.com\/magazin\/wp-content\/uploads\/2023\/11\/Macro_Beself_amb_02-edited-550x310.jpg 550w\" sizes=\"auto, (max-width: 2000px) 100vw, 2000px\" \/><\/a><\/figure>\n\n\n\n<h2 class=\"wp-block-heading\"><strong>Nuestra contribuci\u00f3n en el D\u00eda de las Personas sin Hogar<\/strong><\/h2>\n\n\n\n<p>En MC Haus creemos en la importancia de la responsabilidad social, es por eso que no solo nos importa ofrecer productos de calidad, sino tambi\u00e9n contribuir al bienestar de la comunidad. A lo largo de los a\u00f1os hemos dedicado esfuerzos adicionales a apoyar organizaciones ben\u00e9ficas locales que trabajan incansablemente para dar refugio, apoyo emocional y recursos materiales a las personas en situaciones de precariedad. <\/p>\n\n\n\n<h2 class=\"wp-block-heading\"><strong>El poder de la conciencia social<\/strong><\/h2>\n\n\n\n<p>La conciencia es el primer paso hacia el cambio. Aprovechemos este d\u00eda para aprender m\u00e1s sobre las causas de la falta de hogar, derribar estigmas y comprender que todos merecemos un lugar al que llamar hogar. Seg\u00fan el INE, en Espa\u00f1a, un total de 28.552 personas sin hogar fueron atendidas en centros asistenciales, un 24,5% m\u00e1s que en 2012, muchas de ellas son personas que han tenido que empezar de cero tras llegar desde otro pa\u00eds y otras porque perdieron el trabajo. Se calcula que el 59,6% de este colectivo presenta alg\u00fan s\u00edntoma depresivo. Esto no son solo m\u00e1s que n\u00fameros que esconden personas reales con la necesidad de ser ayudadas ya sea materialmente o psicol\u00f3gicamente.&nbsp;<\/p>\n\n\n\n<figure class=\"wp-block-image size-large\"><img loading=\"lazy\" decoding=\"async\" width=\"1024\" height=\"683\" src=\"https:\/\/www.mc-haus.com\/magazin\/wp-content\/uploads\/2023\/11\/RSC_LATERANYINA_00-1024x683.jpg\" alt=\"\" class=\"wp-image-1472\" srcset=\"https:\/\/www.mc-haus.com\/magazin\/wp-content\/uploads\/2023\/11\/RSC_LATERANYINA_00-1024x683.jpg 1024w, https:\/\/www.mc-haus.com\/magazin\/wp-content\/uploads\/2023\/11\/RSC_LATERANYINA_00-300x200.jpg 300w, https:\/\/www.mc-haus.com\/magazin\/wp-content\/uploads\/2023\/11\/RSC_LATERANYINA_00-768x512.jpg 768w, https:\/\/www.mc-haus.com\/magazin\/wp-content\/uploads\/2023\/11\/RSC_LATERANYINA_00-1536x1024.jpg 1536w, https:\/\/www.mc-haus.com\/magazin\/wp-content\/uploads\/2023\/11\/RSC_LATERANYINA_00-2048x1365.jpg 2048w, https:\/\/www.mc-haus.com\/magazin\/wp-content\/uploads\/2023\/11\/RSC_LATERANYINA_00-550x367.jpg 550w\" sizes=\"auto, (max-width: 1024px) 100vw, 1024px\" \/><\/figure>\n\n\n\n<h2 class=\"wp-block-heading\"><strong>Acciones para un Cambio Social<\/strong><\/h2>\n\n\n\n<ul class=\"wp-block-list\">\n<li><strong>Educaci\u00f3n y Sensibilizaci\u00f3n:<\/strong> Comparte informaci\u00f3n en tus redes sociales sobre este d\u00eda y sus problemas.&nbsp;<\/li>\n\n\n\n<li><strong>Participa en Campa\u00f1as Locales:<\/strong> Inf\u00f3rmate sobre las iniciativas sociales locales en tu \u00e1rea y \u00fanete a campa\u00f1as de concienciaci\u00f3n y recaudaci\u00f3n de fondos.&nbsp;<\/li>\n\n\n\n<li><strong>Donativos a Organizaciones:<\/strong> Contribuye a organizaciones que trabajan directamente en proporcionar refugio y recursos a las personas sin hogar.&nbsp;<\/li>\n\n\n\n<li><strong>Voluntariado en asociaciones:<\/strong> Considera la posibilidad de ofrecer tu tiempo como voluntario en refugios locales y asociaciones que apoyen a personas sin hogar.&nbsp;<\/li>\n<\/ul>\n\n\n\n<h3 class=\"wp-block-heading\"><strong>\u00bfEst\u00e1s listo para ayudar?<\/strong><\/h3>\n\n\n\n<p>En MC Haus lo tenemos muy claro y cada a\u00f1o lucharemos para ayudar y dar asistencia a cada una de estas comunidades sociales. Os invitamos a reflexionar sobre la importancia de un hogar y c\u00f3mo, juntos, podemos marcar la diferencia. Recuerda que un peque\u00f1o gesto puede tener un impacto significativo. \u00a1Hagamos del mundo un lugar m\u00e1s c\u00e1lido y acogedor para todos!<\/p>\n","protected":false},"excerpt":{"rendered":"<p>Descubre c\u00f3mo Mc Haus transforma vidas y hogares con acciones sociales en el D\u00eda de las Personas sin hogar \u00a1\u00danete a nuestro compromiso!<\/p>\n","protected":false},"author":6,"featured_media":1476,"comment_status":"open","ping_status":"open","sticky":false,"template":"","format":"standard","meta":{"footnotes":""},"categories":[1],"tags":[8],"class_list":["post-1469","post","type-post","status-publish","format-standard","has-post-thumbnail","hentry","category-sin-categoria","tag-hogar"],"acf":[],"yoast_head":"<!-- This site is optimized with the Yoast SEO plugin v24.5 - https:\/\/yoast.com\/wordpress\/plugins\/seo\/ -->\n<title>D\u00eda de las Personas sin Hogar, acciones que transforman vidas<\/title>\n<meta name=\"description\" content=\"Descubre c\u00f3mo Mc Haus transforma vidas y hogares con acciones sociales en el D\u00eda de las Personas sin hogar \u00a1\u00danete a nuestro compromiso!\" \/>\n<meta name=\"robots\" content=\"index, follow, max-snippet:-1, max-image-preview:large, max-video-preview:-1\" \/>\n<link rel=\"canonical\" href=\"https:\/\/www.mc-haus.com\/magazin\/dia-personas-sin-hogar\/\" \/>\n<meta property=\"og:locale\" content=\"es_ES\" \/>\n<meta property=\"og:type\" content=\"article\" \/>\n<meta property=\"og:title\" content=\"D\u00eda de las Personas sin Hogar, acciones que transforman vidas\" \/>\n<meta property=\"og:description\" content=\"Descubre c\u00f3mo Mc Haus transforma vidas y hogares con acciones sociales en el D\u00eda de las Personas sin hogar \u00a1\u00danete a nuestro compromiso!\" \/>\n<meta property=\"og:url\" content=\"https:\/\/www.mc-haus.com\/magazin\/dia-personas-sin-hogar\/\" \/>\n<meta property=\"og:site_name\" content=\"Mc Haus\" \/>\n<meta property=\"article:publisher\" content=\"https:\/\/www.facebook.com\/mchausfurniture\/\" \/>\n<meta property=\"article:published_time\" content=\"2023-11-25T11:20:05+00:00\" \/>\n<meta property=\"article:modified_time\" content=\"2023-11-25T11:20:06+00:00\" \/>\n<meta property=\"og:image\" content=\"https:\/\/www.mc-haus.com\/magazin\/wp-content\/uploads\/2023\/11\/RSC_LATERANYINA_00-1-scaled.jpg\" \/>\n\t<meta property=\"og:image:width\" content=\"2560\" \/>\n\t<meta property=\"og:image:height\" content=\"1707\" \/>\n\t<meta property=\"og:image:type\" content=\"image\/jpeg\" \/>\n<meta name=\"author\" content=\"Marketing McHaus\" \/>\n<meta name=\"twitter:card\" content=\"summary_large_image\" \/>\n<script type=\"application\/ld+json\" class=\"yoast-schema-graph\">{\"@context\":\"https:\/\/schema.org\",\"@graph\":[{\"@type\":\"Article\",\"@id\":\"https:\/\/www.mc-haus.com\/magazin\/dia-personas-sin-hogar\/#article\",\"isPartOf\":{\"@id\":\"https:\/\/www.mc-haus.com\/magazin\/dia-personas-sin-hogar\/\"},\"author\":{\"name\":\"Marketing McHaus\",\"@id\":\"https:\/\/www.mc-haus.com\/magazin\/#\/schema\/person\/12415cc47589f259e418c2109a194214\"},\"headline\":\"D\u00eda de las Personas sin Hogar: Reflexiones y Acciones para un Cambio Social\",\"datePublished\":\"2023-11-25T11:20:05+00:00\",\"dateModified\":\"2023-11-25T11:20:06+00:00\",\"mainEntityOfPage\":{\"@id\":\"https:\/\/www.mc-haus.com\/magazin\/dia-personas-sin-hogar\/\"},\"wordCount\":563,\"commentCount\":0,\"publisher\":{\"@id\":\"https:\/\/www.mc-haus.com\/magazin\/#organization\"},\"image\":{\"@id\":\"https:\/\/www.mc-haus.com\/magazin\/dia-personas-sin-hogar\/#primaryimage\"},\"thumbnailUrl\":\"https:\/\/www.mc-haus.com\/magazin\/wp-content\/uploads\/2023\/11\/RSC_LATERANYINA_00-1-scaled.jpg\",\"keywords\":[\"Hogar\"],\"inLanguage\":\"es\",\"potentialAction\":[{\"@type\":\"CommentAction\",\"name\":\"Comment\",\"target\":[\"https:\/\/www.mc-haus.com\/magazin\/dia-personas-sin-hogar\/#respond\"]}]},{\"@type\":\"WebPage\",\"@id\":\"https:\/\/www.mc-haus.com\/magazin\/dia-personas-sin-hogar\/\",\"url\":\"https:\/\/www.mc-haus.com\/magazin\/dia-personas-sin-hogar\/\",\"name\":\"D\u00eda de las Personas sin Hogar, acciones que transforman vidas\",\"isPartOf\":{\"@id\":\"https:\/\/www.mc-haus.com\/magazin\/#website\"},\"primaryImageOfPage\":{\"@id\":\"https:\/\/www.mc-haus.com\/magazin\/dia-personas-sin-hogar\/#primaryimage\"},\"image\":{\"@id\":\"https:\/\/www.mc-haus.com\/magazin\/dia-personas-sin-hogar\/#primaryimage\"},\"thumbnailUrl\":\"https:\/\/www.mc-haus.com\/magazin\/wp-content\/uploads\/2023\/11\/RSC_LATERANYINA_00-1-scaled.jpg\",\"datePublished\":\"2023-11-25T11:20:05+00:00\",\"dateModified\":\"2023-11-25T11:20:06+00:00\",\"description\":\"Descubre c\u00f3mo Mc Haus transforma vidas y hogares con acciones sociales en el D\u00eda de las Personas sin hogar \u00a1\u00danete a nuestro compromiso!\",\"breadcrumb\":{\"@id\":\"https:\/\/www.mc-haus.com\/magazin\/dia-personas-sin-hogar\/#breadcrumb\"},\"inLanguage\":\"es\",\"potentialAction\":[{\"@type\":\"ReadAction\",\"target\":[\"https:\/\/www.mc-haus.com\/magazin\/dia-personas-sin-hogar\/\"]}]},{\"@type\":\"ImageObject\",\"inLanguage\":\"es\",\"@id\":\"https:\/\/www.mc-haus.com\/magazin\/dia-personas-sin-hogar\/#primaryimage\",\"url\":\"https:\/\/www.mc-haus.com\/magazin\/wp-content\/uploads\/2023\/11\/RSC_LATERANYINA_00-1-scaled.jpg\",\"contentUrl\":\"https:\/\/www.mc-haus.com\/magazin\/wp-content\/uploads\/2023\/11\/RSC_LATERANYINA_00-1-scaled.jpg\",\"width\":2560,\"height\":1707,\"caption\":\"D\u00eda de las Personas sin Hogar\"},{\"@type\":\"BreadcrumbList\",\"@id\":\"https:\/\/www.mc-haus.com\/magazin\/dia-personas-sin-hogar\/#breadcrumb\",\"itemListElement\":[{\"@type\":\"ListItem\",\"position\":1,\"name\":\"Portada\",\"item\":\"https:\/\/www.mc-haus.com\/magazin\/\"},{\"@type\":\"ListItem\",\"position\":2,\"name\":\"Sin categor\u00eda\",\"item\":\"https:\/\/www.mc-haus.com\/magazin\/sin-categoria\/\"},{\"@type\":\"ListItem\",\"position\":3,\"name\":\"D\u00eda de las Personas sin Hogar: Reflexiones y Acciones para un Cambio Social\"}]},{\"@type\":\"WebSite\",\"@id\":\"https:\/\/www.mc-haus.com\/magazin\/#website\",\"url\":\"https:\/\/www.mc-haus.com\/magazin\/\",\"name\":\"Mc Haus\",\"description\":\"\",\"publisher\":{\"@id\":\"https:\/\/www.mc-haus.com\/magazin\/#organization\"},\"potentialAction\":[{\"@type\":\"SearchAction\",\"target\":{\"@type\":\"EntryPoint\",\"urlTemplate\":\"https:\/\/www.mc-haus.com\/magazin\/?s={search_term_string}\"},\"query-input\":{\"@type\":\"PropertyValueSpecification\",\"valueRequired\":true,\"valueName\":\"search_term_string\"}}],\"inLanguage\":\"es\"},{\"@type\":\"Organization\",\"@id\":\"https:\/\/www.mc-haus.com\/magazin\/#organization\",\"name\":\"Mc Haus\",\"url\":\"https:\/\/www.mc-haus.com\/magazin\/\",\"logo\":{\"@type\":\"ImageObject\",\"inLanguage\":\"es\",\"@id\":\"https:\/\/www.mc-haus.com\/magazin\/#\/schema\/logo\/image\/\",\"url\":\"https:\/\/www.mc-haus.com\/magazin\/wp-content\/uploads\/2021\/07\/Diseno-sin-titulo-67.jpg\",\"contentUrl\":\"https:\/\/www.mc-haus.com\/magazin\/wp-content\/uploads\/2021\/07\/Diseno-sin-titulo-67.jpg\",\"width\":400,\"height\":400,\"caption\":\"Mc Haus\"},\"image\":{\"@id\":\"https:\/\/www.mc-haus.com\/magazin\/#\/schema\/logo\/image\/\"},\"sameAs\":[\"https:\/\/www.facebook.com\/mchausfurniture\/\",\"https:\/\/www.instagram.com\/mchaus_furniture\/\",\"https:\/\/www.youtube.com\/channel\/UCNmXWHLokG1ruHpllgn2Zmw\"]},{\"@type\":\"Person\",\"@id\":\"https:\/\/www.mc-haus.com\/magazin\/#\/schema\/person\/12415cc47589f259e418c2109a194214\",\"name\":\"Marketing McHaus\",\"image\":{\"@type\":\"ImageObject\",\"inLanguage\":\"es\",\"@id\":\"https:\/\/www.mc-haus.com\/magazin\/#\/schema\/person\/image\/\",\"url\":\"https:\/\/secure.gravatar.com\/avatar\/8c0b02f0f4ec450376d257150a4508d3?s=96&d=mm&r=g\",\"contentUrl\":\"https:\/\/secure.gravatar.com\/avatar\/8c0b02f0f4ec450376d257150a4508d3?s=96&d=mm&r=g\",\"caption\":\"Marketing McHaus\"}}]}<\/script>\n<!-- \/ Yoast SEO plugin. -->","yoast_head_json":{"title":"D\u00eda de las Personas sin Hogar, acciones que transforman vidas","description":"Descubre c\u00f3mo Mc Haus transforma vidas y hogares con acciones sociales en el D\u00eda de las Personas sin hogar \u00a1\u00danete a nuestro compromiso!","robots":{"index":"index","follow":"follow","max-snippet":"max-snippet:-1","max-image-preview":"max-image-preview:large","max-video-preview":"max-video-preview:-1"},"canonical":"https:\/\/www.mc-haus.com\/magazin\/dia-personas-sin-hogar\/","og_locale":"es_ES","og_type":"article","og_title":"D\u00eda de las Personas sin Hogar, acciones que transforman vidas","og_description":"Descubre c\u00f3mo Mc Haus transforma vidas y hogares con acciones sociales en el D\u00eda de las Personas sin hogar \u00a1\u00danete a nuestro compromiso!","og_url":"https:\/\/www.mc-haus.com\/magazin\/dia-personas-sin-hogar\/","og_site_name":"Mc Haus","article_publisher":"https:\/\/www.facebook.com\/mchausfurniture\/","article_published_time":"2023-11-25T11:20:05+00:00","article_modified_time":"2023-11-25T11:20:06+00:00","og_image":[{"width":2560,"height":1707,"url":"https:\/\/www.mc-haus.com\/magazin\/wp-content\/uploads\/2023\/11\/RSC_LATERANYINA_00-1-scaled.jpg","type":"image\/jpeg"}],"author":"Marketing McHaus","twitter_card":"summary_large_image","schema":{"@context":"https:\/\/schema.org","@graph":[{"@type":"Article","@id":"https:\/\/www.mc-haus.com\/magazin\/dia-personas-sin-hogar\/#article","isPartOf":{"@id":"https:\/\/www.mc-haus.com\/magazin\/dia-personas-sin-hogar\/"},"author":{"name":"Marketing McHaus","@id":"https:\/\/www.mc-haus.com\/magazin\/#\/schema\/person\/12415cc47589f259e418c2109a194214"},"headline":"D\u00eda de las Personas sin Hogar: Reflexiones y Acciones para un Cambio Social","datePublished":"2023-11-25T11:20:05+00:00","dateModified":"2023-11-25T11:20:06+00:00","mainEntityOfPage":{"@id":"https:\/\/www.mc-haus.com\/magazin\/dia-personas-sin-hogar\/"},"wordCount":563,"commentCount":0,"publisher":{"@id":"https:\/\/www.mc-haus.com\/magazin\/#organization"},"image":{"@id":"https:\/\/www.mc-haus.com\/magazin\/dia-personas-sin-hogar\/#primaryimage"},"thumbnailUrl":"https:\/\/www.mc-haus.com\/magazin\/wp-content\/uploads\/2023\/11\/RSC_LATERANYINA_00-1-scaled.jpg","keywords":["Hogar"],"inLanguage":"es","potentialAction":[{"@type":"CommentAction","name":"Comment","target":["https:\/\/www.mc-haus.com\/magazin\/dia-personas-sin-hogar\/#respond"]}]},{"@type":"WebPage","@id":"https:\/\/www.mc-haus.com\/magazin\/dia-personas-sin-hogar\/","url":"https:\/\/www.mc-haus.com\/magazin\/dia-personas-sin-hogar\/","name":"D\u00eda de las Personas sin Hogar, acciones que transforman vidas","isPartOf":{"@id":"https:\/\/www.mc-haus.com\/magazin\/#website"},"primaryImageOfPage":{"@id":"https:\/\/www.mc-haus.com\/magazin\/dia-personas-sin-hogar\/#primaryimage"},"image":{"@id":"https:\/\/www.mc-haus.com\/magazin\/dia-personas-sin-hogar\/#primaryimage"},"thumbnailUrl":"https:\/\/www.mc-haus.com\/magazin\/wp-content\/uploads\/2023\/11\/RSC_LATERANYINA_00-1-scaled.jpg","datePublished":"2023-11-25T11:20:05+00:00","dateModified":"2023-11-25T11:20:06+00:00","description":"Descubre c\u00f3mo Mc Haus transforma vidas y hogares con acciones sociales en el D\u00eda de las Personas sin hogar \u00a1\u00danete a nuestro compromiso!","breadcrumb":{"@id":"https:\/\/www.mc-haus.com\/magazin\/dia-personas-sin-hogar\/#breadcrumb"},"inLanguage":"es","potentialAction":[{"@type":"ReadAction","target":["https:\/\/www.mc-haus.com\/magazin\/dia-personas-sin-hogar\/"]}]},{"@type":"ImageObject","inLanguage":"es","@id":"https:\/\/www.mc-haus.com\/magazin\/dia-personas-sin-hogar\/#primaryimage","url":"https:\/\/www.mc-haus.com\/magazin\/wp-content\/uploads\/2023\/11\/RSC_LATERANYINA_00-1-scaled.jpg","contentUrl":"https:\/\/www.mc-haus.com\/magazin\/wp-content\/uploads\/2023\/11\/RSC_LATERANYINA_00-1-scaled.jpg","width":2560,"height":1707,"caption":"D\u00eda de las Personas sin Hogar"},{"@type":"BreadcrumbList","@id":"https:\/\/www.mc-haus.com\/magazin\/dia-personas-sin-hogar\/#breadcrumb","itemListElement":[{"@type":"ListItem","position":1,"name":"Portada","item":"https:\/\/www.mc-haus.com\/magazin\/"},{"@type":"ListItem","position":2,"name":"Sin categor\u00eda","item":"https:\/\/www.mc-haus.com\/magazin\/sin-categoria\/"},{"@type":"ListItem","position":3,"name":"D\u00eda de las Personas sin Hogar: Reflexiones y Acciones para un Cambio Social"}]},{"@type":"WebSite","@id":"https:\/\/www.mc-haus.com\/magazin\/#website","url":"https:\/\/www.mc-haus.com\/magazin\/","name":"Mc Haus","description":"","publisher":{"@id":"https:\/\/www.mc-haus.com\/magazin\/#organization"},"potentialAction":[{"@type":"SearchAction","target":{"@type":"EntryPoint","urlTemplate":"https:\/\/www.mc-haus.com\/magazin\/?s={search_term_string}"},"query-input":{"@type":"PropertyValueSpecification","valueRequired":true,"valueName":"search_term_string"}}],"inLanguage":"es"},{"@type":"Organization","@id":"https:\/\/www.mc-haus.com\/magazin\/#organization","name":"Mc Haus","url":"https:\/\/www.mc-haus.com\/magazin\/","logo":{"@type":"ImageObject","inLanguage":"es","@id":"https:\/\/www.mc-haus.com\/magazin\/#\/schema\/logo\/image\/","url":"https:\/\/www.mc-haus.com\/magazin\/wp-content\/uploads\/2021\/07\/Diseno-sin-titulo-67.jpg","contentUrl":"https:\/\/www.mc-haus.com\/magazin\/wp-content\/uploads\/2021\/07\/Diseno-sin-titulo-67.jpg","width":400,"height":400,"caption":"Mc Haus"},"image":{"@id":"https:\/\/www.mc-haus.com\/magazin\/#\/schema\/logo\/image\/"},"sameAs":["https:\/\/www.facebook.com\/mchausfurniture\/","https:\/\/www.instagram.com\/mchaus_furniture\/","https:\/\/www.youtube.com\/channel\/UCNmXWHLokG1ruHpllgn2Zmw"]},{"@type":"Person","@id":"https:\/\/www.mc-haus.com\/magazin\/#\/schema\/person\/12415cc47589f259e418c2109a194214","name":"Marketing McHaus","image":{"@type":"ImageObject","inLanguage":"es","@id":"https:\/\/www.mc-haus.com\/magazin\/#\/schema\/person\/image\/","url":"https:\/\/secure.gravatar.com\/avatar\/8c0b02f0f4ec450376d257150a4508d3?s=96&d=mm&r=g","contentUrl":"https:\/\/secure.gravatar.com\/avatar\/8c0b02f0f4ec450376d257150a4508d3?s=96&d=mm&r=g","caption":"Marketing McHaus"}}]}},"_links":{"self":[{"href":"https:\/\/www.mc-haus.com\/magazin\/wp-json\/wp\/v2\/posts\/1469","targetHints":{"allow":["GET"]}}],"collection":[{"href":"https:\/\/www.mc-haus.com\/magazin\/wp-json\/wp\/v2\/posts"}],"about":[{"href":"https:\/\/www.mc-haus.com\/magazin\/wp-json\/wp\/v2\/types\/post"}],"author":[{"embeddable":true,"href":"https:\/\/www.mc-haus.com\/magazin\/wp-json\/wp\/v2\/users\/6"}],"replies":[{"embeddable":true,"href":"https:\/\/www.mc-haus.com\/magazin\/wp-json\/wp\/v2\/comments?post=1469"}],"version-history":[{"count":5,"href":"https:\/\/www.mc-haus.com\/magazin\/wp-json\/wp\/v2\/posts\/1469\/revisions"}],"predecessor-version":[{"id":1482,"href":"https:\/\/www.mc-haus.com\/magazin\/wp-json\/wp\/v2\/posts\/1469\/revisions\/1482"}],"wp:featuredmedia":[{"embeddable":true,"href":"https:\/\/www.mc-haus.com\/magazin\/wp-json\/wp\/v2\/media\/1476"}],"wp:attachment":[{"href":"https:\/\/www.mc-haus.com\/magazin\/wp-json\/wp\/v2\/media?parent=1469"}],"wp:term":[{"taxonomy":"category","embeddable":true,"href":"https:\/\/www.mc-haus.com\/magazin\/wp-json\/wp\/v2\/categories?post=1469"},{"taxonomy":"post_tag","embeddable":true,"href":"https:\/\/www.mc-haus.com\/magazin\/wp-json\/wp\/v2\/tags?post=1469"}],"curies":[{"name":"wp","href":"https:\/\/api.w.org\/{rel}","templated":true}]}}