{"id":2904,"date":"2024-12-17T17:42:39","date_gmt":"2024-12-17T15:42:39","guid":{"rendered":"https:\/\/www.mc-haus.com\/magazin\/?p=2904"},"modified":"2024-12-17T17:46:41","modified_gmt":"2024-12-17T15:46:41","slug":"organizacion-hogar-fin-de-ano","status":"publish","type":"post","link":"https:\/\/www.mc-haus.com\/magazin\/organizacion-hogar-fin-de-ano\/","title":{"rendered":"Organizar el hogar para Fin de A\u00f1o"},"content":{"rendered":"\n<p>Llegamos a final de ciclo y despu\u00e9s de 365 d\u00edas llenos de emociones, sue\u00f1os e ilusi\u00f3n no encontramos mejor forma de dejar atr\u00e1s el 2024&nbsp; que d\u00e1ndoos unos tips para organizar el hogar en fin de a\u00f1o para recibir todo lo bueno que est\u00e1 por venir.<\/p>\n\n\n\n<p>Y como dice el refranero espa\u00f1ol: <em>\u00a1A\u00f1o nuevo, vida nueva!<\/em> En <strong><a href=\"https:\/\/www.mc-haus.com\/es\/\">McHaus<\/a><\/strong> queremos inspirarte con ideas sencillas y pr\u00e1cticas para crear un ambiente c\u00e1lido y especial en tu casa, donde celebrar con los tuyos y recibir el 2025 como se merece.<\/p>\n\n\n\n<figure class=\"wp-block-image size-large\"><img loading=\"lazy\" decoding=\"async\" width=\"1024\" height=\"682\" src=\"https:\/\/www.mc-haus.com\/magazin\/wp-content\/uploads\/2024\/12\/BESELF_4619a-1024x682.jpg\" alt=\"\" class=\"wp-image-2905\" srcset=\"https:\/\/www.mc-haus.com\/magazin\/wp-content\/uploads\/2024\/12\/BESELF_4619a-1024x682.jpg 1024w, https:\/\/www.mc-haus.com\/magazin\/wp-content\/uploads\/2024\/12\/BESELF_4619a-300x200.jpg 300w, https:\/\/www.mc-haus.com\/magazin\/wp-content\/uploads\/2024\/12\/BESELF_4619a-768x512.jpg 768w, https:\/\/www.mc-haus.com\/magazin\/wp-content\/uploads\/2024\/12\/BESELF_4619a-1536x1024.jpg 1536w, https:\/\/www.mc-haus.com\/magazin\/wp-content\/uploads\/2024\/12\/BESELF_4619a-550x367.jpg 550w, https:\/\/www.mc-haus.com\/magazin\/wp-content\/uploads\/2024\/12\/BESELF_4619a.jpg 2000w\" sizes=\"auto, (max-width: 1024px) 100vw, 1024px\" \/><\/figure>\n\n\n\n<h3 class=\"wp-block-heading\"><strong>Sencillez: El secreto de un hogar acogedor<\/strong><\/h3>\n\n\n\n<p>\u00bfAlguna vez has entrado en una estancia y sentido al instante calidez y armon\u00eda? Esa sensaci\u00f3n de bienestar es el resultado de encontrar la <em>esencia<\/em> del hogar a trav\u00e9s de peque\u00f1os detalles cuidadosamente elegidos.<\/p>\n\n\n\n<p>La clave est\u00e1 en poner un poco de ti en cada rinc\u00f3n. Con mimo y cari\u00f1o, tu casa se transformar\u00e1 en un espacio lleno de vida:<\/p>\n\n\n\n<ul class=\"wp-block-list\">\n<li>Una <strong>manta suave<\/strong> sobre el sof\u00e1 o el sill\u00f3n.<\/li>\n\n\n\n<li>Una <strong>mesa bien decorada<\/strong> con motivos navide\u00f1os, una manteler\u00eda elegante y cuberter\u00eda que invite a quedarse.<\/li>\n\n\n\n<li>Peque\u00f1as <strong>luces c\u00e1lidas<\/strong> que aporten brillo y magia a cada rinc\u00f3n.<\/li>\n\n\n\n<li>Y, por supuesto, el <strong>\u00e1rbol de Navidad<\/strong>, que nos acompa\u00f1ar\u00e1 hasta el \u00faltimo segundo del a\u00f1o.<\/li>\n<\/ul>\n\n\n\n<p>Cada detalle suma para crear un ambiente \u00fanico y especial.<\/p>\n\n\n\n<figure class=\"wp-block-image size-large\"><img loading=\"lazy\" decoding=\"async\" width=\"1024\" height=\"682\" src=\"https:\/\/www.mc-haus.com\/magazin\/wp-content\/uploads\/2024\/12\/NAVIDAD_HOME_25a-1024x682.jpg\" alt=\"\" class=\"wp-image-2906\" srcset=\"https:\/\/www.mc-haus.com\/magazin\/wp-content\/uploads\/2024\/12\/NAVIDAD_HOME_25a-1024x682.jpg 1024w, https:\/\/www.mc-haus.com\/magazin\/wp-content\/uploads\/2024\/12\/NAVIDAD_HOME_25a-300x200.jpg 300w, https:\/\/www.mc-haus.com\/magazin\/wp-content\/uploads\/2024\/12\/NAVIDAD_HOME_25a-768x512.jpg 768w, https:\/\/www.mc-haus.com\/magazin\/wp-content\/uploads\/2024\/12\/NAVIDAD_HOME_25a-1536x1024.jpg 1536w, https:\/\/www.mc-haus.com\/magazin\/wp-content\/uploads\/2024\/12\/NAVIDAD_HOME_25a-550x367.jpg 550w, https:\/\/www.mc-haus.com\/magazin\/wp-content\/uploads\/2024\/12\/NAVIDAD_HOME_25a.jpg 2000w\" sizes=\"auto, (max-width: 1024px) 100vw, 1024px\" \/><\/figure>\n\n\n\n<h3 class=\"wp-block-heading\"><strong>Elige los colores adecuados<\/strong><\/h3>\n\n\n\n<p>Los colores no solo decoran, tambi\u00e9n influyen en nuestro estado de \u00e1nimo. Por eso, elegir la paleta adecuada ser\u00e1 clave para transmitir lo que deseas en esta celebraci\u00f3n:<\/p>\n\n\n\n<ul class=\"wp-block-list\">\n<li><strong>Blanco<\/strong>: Representa el invierno, la nieve y el hielo. Aporta <strong>paz, luminosidad<\/strong> y un toque de <strong>elegancia minimalista<\/strong> que combina con todo.<\/li>\n\n\n\n<li><strong>Rojo<\/strong>: El color estrella de la Navidad. Simboliza la <strong>alegr\u00eda, el amor<\/strong> y el esp\u00edritu festivo. Peque\u00f1os detalles en rojo har\u00e1n tu hogar <strong>c\u00e1lido y acogedor<\/strong> al instante.<\/li>\n\n\n\n<li><strong>Dorado<\/strong>: Sin\u00f3nimo de <strong>glamour y sofisticaci\u00f3n<\/strong>, es perfecto para darle un aire festivo y lujoso a cualquier espacio. A\u00f1ade peque\u00f1os toques dorados y tu casa brillar\u00e1 con luz propia.<\/li>\n<\/ul>\n\n\n    <div id=\"cta6e83d7f72eb3dd0f2fd2b6f94431cfe5\"  class=\"cta\">\n        <div class=\"content\">\n            <p class=\"title\">\n                \u00bfQuieres saber los trucos de un interiorista?            <\/p>\n            <p class=\"subtitle\">\n                Desc\u00e1rgate nuestra gu\u00eda GRATIS            <\/p>\n            <a class=\"button\" href=\"https:\/\/mailchi.mp\/mc-haus.com\/ebook-interiorista-por-un-dia?utm_source=blog&#038;utm_medium=organic\"><button>\u00a1Cons\u00edguela aqu\u00ed!<\/button><\/a>\n        <\/div>\n    <\/div>\n    <style type=\"text\/css\">\n        #cta6e83d7f72eb3dd0f2fd2b6f94431cfe5{\n            background-image: url('https:\/\/www.mc-haus.com\/magazin\/wp-content\/uploads\/2024\/05\/Aires1_D.jpg');\n        }\n        .cta {\n            height:295px;\n            background-size: contain;\n            background-repeat: no-repeat;\n            background-position: right;\n            margin: 15px 0 25px;\n        }\n        .cta .content {\n            width: 60%;\n            height: auto;\n            padding: 30px;\n            word-wrap: break-word;\n        }\n        .cta .content .title{\n           font-size: 35px;\n            font-weight: 700;\n            color:  #1d1d1b;\n            margin-bottom: 0;\n            font-family: 'Poppins', sans-serif;\n            line-height: 1;\n\n        }\n        .cta .content .subtitle{\n            font-size: 18px;\n            font-weight: 500;\n            color:  #1d1d1b;\n            margin-bottom: 0;\n            font-family: 'Poppins', sans-serif;\n            line-height: 1.2;\n            margin-top: 20px;\n        }\n\n        .cta .content a{\n            background-color: transparent!important;\n            border-radius: 8px;\n            padding:0;\n\n        }\n        .cta .content button{\n            margin-top:20px;\n            background-color:  #1d1d1b;\n            width: auto;\n            border-radius:0;\n            font-size: 13px;\n            padding: 7px 26px!important;\n            color:white!important;\n            font-family: 'Poppins', sans-serif;\n        }\n\n        @media only screen and (max-width: 600px) {\n            #cta6e83d7f72eb3dd0f2fd2b6f94431cfe5 {\n                background-image: url('https:\/\/www.mc-haus.com\/magazin\/wp-content\/uploads\/2024\/05\/Aires1_M.jpg');\n            }\n            .cta {\n                height: 500px;\n                background-size: cover;\n                background-repeat: no-repeat;\n            }\n            .cta .content {\n                width: 100%;\n                height: auto;\n            }\n            .cta .content button{\n                max-width: 437px;\n                margin-top: 20px;\n            }\n        }\n    <\/style>\n\n\n\n<h3 class=\"wp-block-heading\"><strong>Encuentra el equilibrio<\/strong><\/h3>\n\n\n\n<p>La Navidad nos invita a decorarlo todo, pero muchas veces caemos en la tentaci\u00f3n de <strong>sobrecargar los espacios<\/strong>. Recuerda: <strong>menos es m\u00e1s<\/strong>. La clave est\u00e1 en seleccionar cuidadosamente los elementos para lograr un equilibrio que respete la est\u00e9tica y no sature la estancia.<\/p>\n\n\n\n<p>Combina texturas, colores y luces con coherencia, y ver\u00e1s c\u00f3mo tu hogar se convierte en un espacio festivo sin perder su armon\u00eda.<\/p>\n\n\n\n<figure class=\"wp-block-image size-large is-resized\"><img loading=\"lazy\" decoding=\"async\" width=\"2373\" height=\"1334\" src=\"https:\/\/www.mc-haus.com\/magazin\/wp-content\/uploads\/2024\/12\/BESELF_NAVIDAD_23_05_ia-edited.jpg\" alt=\"\" class=\"wp-image-2908\" style=\"width:720px;height:auto\" srcset=\"https:\/\/www.mc-haus.com\/magazin\/wp-content\/uploads\/2024\/12\/BESELF_NAVIDAD_23_05_ia-edited.jpg 2373w, https:\/\/www.mc-haus.com\/magazin\/wp-content\/uploads\/2024\/12\/BESELF_NAVIDAD_23_05_ia-edited-300x169.jpg 300w, https:\/\/www.mc-haus.com\/magazin\/wp-content\/uploads\/2024\/12\/BESELF_NAVIDAD_23_05_ia-edited-1024x576.jpg 1024w, https:\/\/www.mc-haus.com\/magazin\/wp-content\/uploads\/2024\/12\/BESELF_NAVIDAD_23_05_ia-edited-768x432.jpg 768w, https:\/\/www.mc-haus.com\/magazin\/wp-content\/uploads\/2024\/12\/BESELF_NAVIDAD_23_05_ia-edited-1536x863.jpg 1536w, https:\/\/www.mc-haus.com\/magazin\/wp-content\/uploads\/2024\/12\/BESELF_NAVIDAD_23_05_ia-edited-2048x1151.jpg 2048w, https:\/\/www.mc-haus.com\/magazin\/wp-content\/uploads\/2024\/12\/BESELF_NAVIDAD_23_05_ia-edited-1140x640.jpg 1140w, https:\/\/www.mc-haus.com\/magazin\/wp-content\/uploads\/2024\/12\/BESELF_NAVIDAD_23_05_ia-edited-550x309.jpg 550w\" sizes=\"auto, (max-width: 2373px) 100vw, 2373px\" \/><\/figure>\n\n\n\n<h3 class=\"wp-block-heading\"><strong>Dale un nuevo aire a tu hogar<\/strong><\/h3>\n\n\n\n<p>En <strong><a href=\"https:\/\/www.mc-haus.com\/es\/\">McHaus<\/a><\/strong>, sabemos que cada casa es \u00fanica, y por eso contamos con muebles y decoraciones que encajan a la perfecci\u00f3n con cualquier estilo. Si ya disfrutas de piezas de nuestro cat\u00e1logo, seguro que encontrar\u00e1s mil maneras de darles un aire navide\u00f1o con estilo y personalidad.<\/p>\n\n\n\n<p>\u00bfY si a\u00fan no has renovado tu hogar? \u00a1Este es el momento perfecto! Echa un vistazo a nuestra p\u00e1gina web y descubre un sinf\u00edn de opciones para inspirarte y crear el hogar con el que siempre has so\u00f1ado.<\/p>\n\n\n\n<p>Ahora ya sabes como organizar el hogar para Fin de A\u00f1o, disfruta de este d\u00eda tan especial con los tuyos y \u00a1deja entrar todo lo bueno que est\u00e1 por llegar a este 2025!<\/p>\n","protected":false},"excerpt":{"rendered":"<p>Llegamos a final de ciclo y despu\u00e9s de 365 d\u00edas llenos de emociones, sue\u00f1os e ilusi\u00f3n no encontramos mejor forma de dejar atr\u00e1s el 2024&nbsp; que d\u00e1ndoos unos tips para organizar el hogar en fin de a\u00f1o para recibir todo lo bueno que est\u00e1 por venir. Y como dice el refranero espa\u00f1ol: \u00a1A\u00f1o nuevo, vida nueva! En McHaus queremos inspirarte con ideas sencillas y pr\u00e1cticas para crear un ambiente c\u00e1lido&#8230;<\/p>\n","protected":false},"author":14,"featured_media":2906,"comment_status":"open","ping_status":"open","sticky":false,"template":"","format":"standard","meta":{"footnotes":""},"categories":[64],"tags":[9,15,14,8,10,12,11],"class_list":["post-2904","post","type-post","status-publish","format-standard","has-post-thumbnail","hentry","category-crea-tu-hogar","tag-decoracion","tag-diseno","tag-estilo","tag-hogar","tag-muebles","tag-sillones","tag-sofas"],"acf":[],"yoast_head":"<!-- This site is optimized with the Yoast SEO plugin v24.5 - https:\/\/yoast.com\/wordpress\/plugins\/seo\/ -->\n<title>\u1408 Organizar el hogar para Fin de A\u00f1o | Mc HAUS<\/title>\n<meta name=\"description\" content=\"Descubre c\u00f3mo organizar el hogar para fin de a\u00f1o con estilo y crear un ambiente c\u00e1lido y acogedor. \u00a1Insp\u00edrate con nuestras ideas!\" \/>\n<meta name=\"robots\" content=\"index, follow, max-snippet:-1, max-image-preview:large, max-video-preview:-1\" \/>\n<link rel=\"canonical\" href=\"https:\/\/www.mc-haus.com\/magazin\/organizacion-hogar-fin-de-ano\/\" \/>\n<meta property=\"og:locale\" content=\"es_ES\" \/>\n<meta property=\"og:type\" content=\"article\" \/>\n<meta property=\"og:title\" content=\"\u1408 Organizar el hogar para Fin de A\u00f1o | Mc HAUS\" \/>\n<meta property=\"og:description\" content=\"Descubre c\u00f3mo organizar el hogar para fin de a\u00f1o con estilo y crear un ambiente c\u00e1lido y acogedor. \u00a1Insp\u00edrate con nuestras ideas!\" \/>\n<meta property=\"og:url\" content=\"https:\/\/www.mc-haus.com\/magazin\/organizacion-hogar-fin-de-ano\/\" \/>\n<meta property=\"og:site_name\" content=\"Mc Haus\" \/>\n<meta property=\"article:publisher\" content=\"https:\/\/www.facebook.com\/mchausfurniture\/\" \/>\n<meta property=\"article:published_time\" content=\"2024-12-17T15:42:39+00:00\" \/>\n<meta property=\"article:modified_time\" content=\"2024-12-17T15:46:41+00:00\" \/>\n<meta property=\"og:image\" content=\"https:\/\/www.mc-haus.com\/magazin\/wp-content\/uploads\/2024\/12\/NAVIDAD_HOME_25a.jpg\" \/>\n\t<meta property=\"og:image:width\" content=\"2000\" \/>\n\t<meta property=\"og:image:height\" content=\"1333\" \/>\n\t<meta property=\"og:image:type\" content=\"image\/jpeg\" \/>\n<meta name=\"author\" content=\"Anna Altadill\" \/>\n<meta name=\"twitter:card\" content=\"summary_large_image\" \/>\n<script type=\"application\/ld+json\" class=\"yoast-schema-graph\">{\"@context\":\"https:\/\/schema.org\",\"@graph\":[{\"@type\":\"Article\",\"@id\":\"https:\/\/www.mc-haus.com\/magazin\/organizacion-hogar-fin-de-ano\/#article\",\"isPartOf\":{\"@id\":\"https:\/\/www.mc-haus.com\/magazin\/organizacion-hogar-fin-de-ano\/\"},\"author\":{\"name\":\"Anna Altadill\",\"@id\":\"https:\/\/www.mc-haus.com\/magazin\/#\/schema\/person\/1778c0779c96bb77d91f8f6f8b6125d1\"},\"headline\":\"Organizar el hogar para Fin de A\u00f1o\",\"datePublished\":\"2024-12-17T15:42:39+00:00\",\"dateModified\":\"2024-12-17T15:46:41+00:00\",\"mainEntityOfPage\":{\"@id\":\"https:\/\/www.mc-haus.com\/magazin\/organizacion-hogar-fin-de-ano\/\"},\"wordCount\":577,\"commentCount\":0,\"publisher\":{\"@id\":\"https:\/\/www.mc-haus.com\/magazin\/#organization\"},\"image\":{\"@id\":\"https:\/\/www.mc-haus.com\/magazin\/organizacion-hogar-fin-de-ano\/#primaryimage\"},\"thumbnailUrl\":\"https:\/\/www.mc-haus.com\/magazin\/wp-content\/uploads\/2024\/12\/NAVIDAD_HOME_25a.jpg\",\"keywords\":[\"Decoraci\u00f3n\",\"Dise\u00f1o\",\"Estilo\",\"Hogar\",\"Muebles\",\"Sillones\",\"Sofas\"],\"articleSection\":[\"Crea tu hogar\"],\"inLanguage\":\"es\",\"potentialAction\":[{\"@type\":\"CommentAction\",\"name\":\"Comment\",\"target\":[\"https:\/\/www.mc-haus.com\/magazin\/organizacion-hogar-fin-de-ano\/#respond\"]}]},{\"@type\":\"WebPage\",\"@id\":\"https:\/\/www.mc-haus.com\/magazin\/organizacion-hogar-fin-de-ano\/\",\"url\":\"https:\/\/www.mc-haus.com\/magazin\/organizacion-hogar-fin-de-ano\/\",\"name\":\"\u1408 Organizar el hogar para Fin de A\u00f1o | Mc HAUS\",\"isPartOf\":{\"@id\":\"https:\/\/www.mc-haus.com\/magazin\/#website\"},\"primaryImageOfPage\":{\"@id\":\"https:\/\/www.mc-haus.com\/magazin\/organizacion-hogar-fin-de-ano\/#primaryimage\"},\"image\":{\"@id\":\"https:\/\/www.mc-haus.com\/magazin\/organizacion-hogar-fin-de-ano\/#primaryimage\"},\"thumbnailUrl\":\"https:\/\/www.mc-haus.com\/magazin\/wp-content\/uploads\/2024\/12\/NAVIDAD_HOME_25a.jpg\",\"datePublished\":\"2024-12-17T15:42:39+00:00\",\"dateModified\":\"2024-12-17T15:46:41+00:00\",\"description\":\"Descubre c\u00f3mo organizar el hogar para fin de a\u00f1o con estilo y crear un ambiente c\u00e1lido y acogedor. \u00a1Insp\u00edrate con nuestras ideas!\",\"breadcrumb\":{\"@id\":\"https:\/\/www.mc-haus.com\/magazin\/organizacion-hogar-fin-de-ano\/#breadcrumb\"},\"inLanguage\":\"es\",\"potentialAction\":[{\"@type\":\"ReadAction\",\"target\":[\"https:\/\/www.mc-haus.com\/magazin\/organizacion-hogar-fin-de-ano\/\"]}]},{\"@type\":\"ImageObject\",\"inLanguage\":\"es\",\"@id\":\"https:\/\/www.mc-haus.com\/magazin\/organizacion-hogar-fin-de-ano\/#primaryimage\",\"url\":\"https:\/\/www.mc-haus.com\/magazin\/wp-content\/uploads\/2024\/12\/NAVIDAD_HOME_25a.jpg\",\"contentUrl\":\"https:\/\/www.mc-haus.com\/magazin\/wp-content\/uploads\/2024\/12\/NAVIDAD_HOME_25a.jpg\",\"width\":2000,\"height\":1333},{\"@type\":\"BreadcrumbList\",\"@id\":\"https:\/\/www.mc-haus.com\/magazin\/organizacion-hogar-fin-de-ano\/#breadcrumb\",\"itemListElement\":[{\"@type\":\"ListItem\",\"position\":1,\"name\":\"Portada\",\"item\":\"https:\/\/www.mc-haus.com\/magazin\/\"},{\"@type\":\"ListItem\",\"position\":2,\"name\":\"Crea tu hogar\",\"item\":\"https:\/\/www.mc-haus.com\/magazin\/crea-tu-hogar\/\"},{\"@type\":\"ListItem\",\"position\":3,\"name\":\"Organizar el hogar para Fin de A\u00f1o\"}]},{\"@type\":\"WebSite\",\"@id\":\"https:\/\/www.mc-haus.com\/magazin\/#website\",\"url\":\"https:\/\/www.mc-haus.com\/magazin\/\",\"name\":\"Mc Haus\",\"description\":\"\",\"publisher\":{\"@id\":\"https:\/\/www.mc-haus.com\/magazin\/#organization\"},\"potentialAction\":[{\"@type\":\"SearchAction\",\"target\":{\"@type\":\"EntryPoint\",\"urlTemplate\":\"https:\/\/www.mc-haus.com\/magazin\/?s={search_term_string}\"},\"query-input\":{\"@type\":\"PropertyValueSpecification\",\"valueRequired\":true,\"valueName\":\"search_term_string\"}}],\"inLanguage\":\"es\"},{\"@type\":\"Organization\",\"@id\":\"https:\/\/www.mc-haus.com\/magazin\/#organization\",\"name\":\"Mc Haus\",\"url\":\"https:\/\/www.mc-haus.com\/magazin\/\",\"logo\":{\"@type\":\"ImageObject\",\"inLanguage\":\"es\",\"@id\":\"https:\/\/www.mc-haus.com\/magazin\/#\/schema\/logo\/image\/\",\"url\":\"https:\/\/www.mc-haus.com\/magazin\/wp-content\/uploads\/2021\/07\/Diseno-sin-titulo-67.jpg\",\"contentUrl\":\"https:\/\/www.mc-haus.com\/magazin\/wp-content\/uploads\/2021\/07\/Diseno-sin-titulo-67.jpg\",\"width\":400,\"height\":400,\"caption\":\"Mc Haus\"},\"image\":{\"@id\":\"https:\/\/www.mc-haus.com\/magazin\/#\/schema\/logo\/image\/\"},\"sameAs\":[\"https:\/\/www.facebook.com\/mchausfurniture\/\",\"https:\/\/www.instagram.com\/mchaus_furniture\/\",\"https:\/\/www.youtube.com\/channel\/UCNmXWHLokG1ruHpllgn2Zmw\"]},{\"@type\":\"Person\",\"@id\":\"https:\/\/www.mc-haus.com\/magazin\/#\/schema\/person\/1778c0779c96bb77d91f8f6f8b6125d1\",\"name\":\"Anna Altadill\",\"image\":{\"@type\":\"ImageObject\",\"inLanguage\":\"es\",\"@id\":\"https:\/\/www.mc-haus.com\/magazin\/#\/schema\/person\/image\/\",\"url\":\"https:\/\/secure.gravatar.com\/avatar\/7104e5b6dfb3c1c32b312252fccdece2?s=96&d=mm&r=g\",\"contentUrl\":\"https:\/\/secure.gravatar.com\/avatar\/7104e5b6dfb3c1c32b312252fccdece2?s=96&d=mm&r=g\",\"caption\":\"Anna Altadill\"}}]}<\/script>\n<!-- \/ Yoast SEO plugin. -->","yoast_head_json":{"title":"\u1408 Organizar el hogar para Fin de A\u00f1o | Mc HAUS","description":"Descubre c\u00f3mo organizar el hogar para fin de a\u00f1o con estilo y crear un ambiente c\u00e1lido y acogedor. \u00a1Insp\u00edrate con nuestras ideas!","robots":{"index":"index","follow":"follow","max-snippet":"max-snippet:-1","max-image-preview":"max-image-preview:large","max-video-preview":"max-video-preview:-1"},"canonical":"https:\/\/www.mc-haus.com\/magazin\/organizacion-hogar-fin-de-ano\/","og_locale":"es_ES","og_type":"article","og_title":"\u1408 Organizar el hogar para Fin de A\u00f1o | Mc HAUS","og_description":"Descubre c\u00f3mo organizar el hogar para fin de a\u00f1o con estilo y crear un ambiente c\u00e1lido y acogedor. \u00a1Insp\u00edrate con nuestras ideas!","og_url":"https:\/\/www.mc-haus.com\/magazin\/organizacion-hogar-fin-de-ano\/","og_site_name":"Mc Haus","article_publisher":"https:\/\/www.facebook.com\/mchausfurniture\/","article_published_time":"2024-12-17T15:42:39+00:00","article_modified_time":"2024-12-17T15:46:41+00:00","og_image":[{"width":2000,"height":1333,"url":"https:\/\/www.mc-haus.com\/magazin\/wp-content\/uploads\/2024\/12\/NAVIDAD_HOME_25a.jpg","type":"image\/jpeg"}],"author":"Anna Altadill","twitter_card":"summary_large_image","schema":{"@context":"https:\/\/schema.org","@graph":[{"@type":"Article","@id":"https:\/\/www.mc-haus.com\/magazin\/organizacion-hogar-fin-de-ano\/#article","isPartOf":{"@id":"https:\/\/www.mc-haus.com\/magazin\/organizacion-hogar-fin-de-ano\/"},"author":{"name":"Anna Altadill","@id":"https:\/\/www.mc-haus.com\/magazin\/#\/schema\/person\/1778c0779c96bb77d91f8f6f8b6125d1"},"headline":"Organizar el hogar para Fin de A\u00f1o","datePublished":"2024-12-17T15:42:39+00:00","dateModified":"2024-12-17T15:46:41+00:00","mainEntityOfPage":{"@id":"https:\/\/www.mc-haus.com\/magazin\/organizacion-hogar-fin-de-ano\/"},"wordCount":577,"commentCount":0,"publisher":{"@id":"https:\/\/www.mc-haus.com\/magazin\/#organization"},"image":{"@id":"https:\/\/www.mc-haus.com\/magazin\/organizacion-hogar-fin-de-ano\/#primaryimage"},"thumbnailUrl":"https:\/\/www.mc-haus.com\/magazin\/wp-content\/uploads\/2024\/12\/NAVIDAD_HOME_25a.jpg","keywords":["Decoraci\u00f3n","Dise\u00f1o","Estilo","Hogar","Muebles","Sillones","Sofas"],"articleSection":["Crea tu hogar"],"inLanguage":"es","potentialAction":[{"@type":"CommentAction","name":"Comment","target":["https:\/\/www.mc-haus.com\/magazin\/organizacion-hogar-fin-de-ano\/#respond"]}]},{"@type":"WebPage","@id":"https:\/\/www.mc-haus.com\/magazin\/organizacion-hogar-fin-de-ano\/","url":"https:\/\/www.mc-haus.com\/magazin\/organizacion-hogar-fin-de-ano\/","name":"\u1408 Organizar el hogar para Fin de A\u00f1o | Mc HAUS","isPartOf":{"@id":"https:\/\/www.mc-haus.com\/magazin\/#website"},"primaryImageOfPage":{"@id":"https:\/\/www.mc-haus.com\/magazin\/organizacion-hogar-fin-de-ano\/#primaryimage"},"image":{"@id":"https:\/\/www.mc-haus.com\/magazin\/organizacion-hogar-fin-de-ano\/#primaryimage"},"thumbnailUrl":"https:\/\/www.mc-haus.com\/magazin\/wp-content\/uploads\/2024\/12\/NAVIDAD_HOME_25a.jpg","datePublished":"2024-12-17T15:42:39+00:00","dateModified":"2024-12-17T15:46:41+00:00","description":"Descubre c\u00f3mo organizar el hogar para fin de a\u00f1o con estilo y crear un ambiente c\u00e1lido y acogedor. \u00a1Insp\u00edrate con nuestras ideas!","breadcrumb":{"@id":"https:\/\/www.mc-haus.com\/magazin\/organizacion-hogar-fin-de-ano\/#breadcrumb"},"inLanguage":"es","potentialAction":[{"@type":"ReadAction","target":["https:\/\/www.mc-haus.com\/magazin\/organizacion-hogar-fin-de-ano\/"]}]},{"@type":"ImageObject","inLanguage":"es","@id":"https:\/\/www.mc-haus.com\/magazin\/organizacion-hogar-fin-de-ano\/#primaryimage","url":"https:\/\/www.mc-haus.com\/magazin\/wp-content\/uploads\/2024\/12\/NAVIDAD_HOME_25a.jpg","contentUrl":"https:\/\/www.mc-haus.com\/magazin\/wp-content\/uploads\/2024\/12\/NAVIDAD_HOME_25a.jpg","width":2000,"height":1333},{"@type":"BreadcrumbList","@id":"https:\/\/www.mc-haus.com\/magazin\/organizacion-hogar-fin-de-ano\/#breadcrumb","itemListElement":[{"@type":"ListItem","position":1,"name":"Portada","item":"https:\/\/www.mc-haus.com\/magazin\/"},{"@type":"ListItem","position":2,"name":"Crea tu hogar","item":"https:\/\/www.mc-haus.com\/magazin\/crea-tu-hogar\/"},{"@type":"ListItem","position":3,"name":"Organizar el hogar para Fin de A\u00f1o"}]},{"@type":"WebSite","@id":"https:\/\/www.mc-haus.com\/magazin\/#website","url":"https:\/\/www.mc-haus.com\/magazin\/","name":"Mc Haus","description":"","publisher":{"@id":"https:\/\/www.mc-haus.com\/magazin\/#organization"},"potentialAction":[{"@type":"SearchAction","target":{"@type":"EntryPoint","urlTemplate":"https:\/\/www.mc-haus.com\/magazin\/?s={search_term_string}"},"query-input":{"@type":"PropertyValueSpecification","valueRequired":true,"valueName":"search_term_string"}}],"inLanguage":"es"},{"@type":"Organization","@id":"https:\/\/www.mc-haus.com\/magazin\/#organization","name":"Mc Haus","url":"https:\/\/www.mc-haus.com\/magazin\/","logo":{"@type":"ImageObject","inLanguage":"es","@id":"https:\/\/www.mc-haus.com\/magazin\/#\/schema\/logo\/image\/","url":"https:\/\/www.mc-haus.com\/magazin\/wp-content\/uploads\/2021\/07\/Diseno-sin-titulo-67.jpg","contentUrl":"https:\/\/www.mc-haus.com\/magazin\/wp-content\/uploads\/2021\/07\/Diseno-sin-titulo-67.jpg","width":400,"height":400,"caption":"Mc Haus"},"image":{"@id":"https:\/\/www.mc-haus.com\/magazin\/#\/schema\/logo\/image\/"},"sameAs":["https:\/\/www.facebook.com\/mchausfurniture\/","https:\/\/www.instagram.com\/mchaus_furniture\/","https:\/\/www.youtube.com\/channel\/UCNmXWHLokG1ruHpllgn2Zmw"]},{"@type":"Person","@id":"https:\/\/www.mc-haus.com\/magazin\/#\/schema\/person\/1778c0779c96bb77d91f8f6f8b6125d1","name":"Anna Altadill","image":{"@type":"ImageObject","inLanguage":"es","@id":"https:\/\/www.mc-haus.com\/magazin\/#\/schema\/person\/image\/","url":"https:\/\/secure.gravatar.com\/avatar\/7104e5b6dfb3c1c32b312252fccdece2?s=96&d=mm&r=g","contentUrl":"https:\/\/secure.gravatar.com\/avatar\/7104e5b6dfb3c1c32b312252fccdece2?s=96&d=mm&r=g","caption":"Anna Altadill"}}]}},"_links":{"self":[{"href":"https:\/\/www.mc-haus.com\/magazin\/wp-json\/wp\/v2\/posts\/2904","targetHints":{"allow":["GET"]}}],"collection":[{"href":"https:\/\/www.mc-haus.com\/magazin\/wp-json\/wp\/v2\/posts"}],"about":[{"href":"https:\/\/www.mc-haus.com\/magazin\/wp-json\/wp\/v2\/types\/post"}],"author":[{"embeddable":true,"href":"https:\/\/www.mc-haus.com\/magazin\/wp-json\/wp\/v2\/users\/14"}],"replies":[{"embeddable":true,"href":"https:\/\/www.mc-haus.com\/magazin\/wp-json\/wp\/v2\/comments?post=2904"}],"version-history":[{"count":5,"href":"https:\/\/www.mc-haus.com\/magazin\/wp-json\/wp\/v2\/posts\/2904\/revisions"}],"predecessor-version":[{"id":2915,"href":"https:\/\/www.mc-haus.com\/magazin\/wp-json\/wp\/v2\/posts\/2904\/revisions\/2915"}],"wp:featuredmedia":[{"embeddable":true,"href":"https:\/\/www.mc-haus.com\/magazin\/wp-json\/wp\/v2\/media\/2906"}],"wp:attachment":[{"href":"https:\/\/www.mc-haus.com\/magazin\/wp-json\/wp\/v2\/media?parent=2904"}],"wp:term":[{"taxonomy":"category","embeddable":true,"href":"https:\/\/www.mc-haus.com\/magazin\/wp-json\/wp\/v2\/categories?post=2904"},{"taxonomy":"post_tag","embeddable":true,"href":"https:\/\/www.mc-haus.com\/magazin\/wp-json\/wp\/v2\/tags?post=2904"}],"curies":[{"name":"wp","href":"https:\/\/api.w.org\/{rel}","templated":true}]}}